{"id":831,"date":"2017-03-23T08:05:14","date_gmt":"2017-03-23T07:05:14","guid":{"rendered":"http:\/\/www.lobaumuseum.wien\/cms\/?p=831"},"modified":"2018-03-31T23:12:25","modified_gmt":"2018-03-31T21:12:25","slug":"endlich-wieder-ein-wenig-wasser","status":"publish","type":"post","link":"https:\/\/www.lobaumuseum.wien\/cms\/endlich-wieder-ein-wenig-wasser\/","title":{"rendered":"Trockenheit f\u00fcrs Erste \u00fcberwunden"},"content":{"rendered":"<p>Das kleine Ebersch\u00fcttwasser ist wieder mit Wasser gef\u00fcllt.\u00a0Ein Hochwasser und die endlich wieder ge\u00f6ffnete &#8220;Eichert-Quelle&#8221; (\u00dcberschusswasser aus dem Trinkwasserbrunnen) d\u00fcrften dies bewirkt haben. Vermutlich steht auch im Lausgrund wieder Wasser.<\/p>\n<p><img loading=\"lazy\" decoding=\"async\" class=\"wp-image-882 alignleft\" src=\"http:\/\/www.lobaumuseum.wien\/cms\/wp-content\/uploads\/2017\/03\/IMG_2159m-1024x768.jpg\" alt=\"\" width=\"348\" height=\"261\" srcset=\"https:\/\/www.lobaumuseum.wien\/cms\/wp-content\/uploads\/2017\/03\/IMG_2159m.jpg 1024w, https:\/\/www.lobaumuseum.wien\/cms\/wp-content\/uploads\/2017\/03\/IMG_2159m-300x225.jpg 300w, https:\/\/www.lobaumuseum.wien\/cms\/wp-content\/uploads\/2017\/03\/IMG_2159m-768x576.jpg 768w\" sizes=\"auto, (max-width: 348px) 100vw, 348px\" \/>Norbert Novak hat am 26. M\u00e4rz den Hauptarm des Ebersch\u00fcttwassers besucht. Ergebnis: Der Wasserstand am Bootsplatz der &#8220;Lobaufischer&#8221; ist zwar nicht sensationell, aber sichtlich in Ordnung. Novak: &#8220;Kann wieder Entwarnung geben!&#8221;<\/p>\n<p>Titelfoto: Kurt Kracher<\/p>\n<p>Foto Bootsplatz: Norbert Novak<\/p>\n<p>&nbsp;<\/p>\n","protected":false},"excerpt":{"rendered":"<p>Das kleine Ebersch\u00fcttwasser ist wieder mit Wasser gef\u00fcllt.\u00a0Ein Hochwasser und die endlich wieder ge\u00f6ffnete &#8220;Eichert-Quelle&#8221; (\u00dcberschusswasser aus dem Trinkwasserbrunnen) d\u00fcrften dies bewirkt haben. Vermutlich steht auch im Lausgrund wieder Wasser. Norbert Novak hat am 26. M\u00e4rz den Hauptarm des Ebersch\u00fcttwassers besucht. Ergebnis: Der Wasserstand am Bootsplatz der &#8220;Lobaufischer&#8221; ist zwar nicht sensationell, aber sichtlich in Ordnung. Novak: &#8220;Kann wieder Entwarnung geben!&#8221; Titelfoto: Kurt Kracher Foto Bootsplatz: Norbert Novak &nbsp;<\/p>\n","protected":false},"author":7,"featured_media":832,"comment_status":"open","ping_status":"open","sticky":false,"template":"","format":"standard","meta":{"ngg_post_thumbnail":0,"footnotes":""},"categories":[1],"tags":[74,126,16,107,19],"class_list":["post-831","post","type-post","status-publish","format-standard","has-post-thumbnail","hentry","category-allgemein","tag-eberschuettwasser","tag-grundwasser","tag-kracher","tag-norbert-novak","tag-verlandung"],"post_mailing_queue_ids":[],"_links":{"self":[{"href":"https:\/\/www.lobaumuseum.wien\/cms\/wp-json\/wp\/v2\/posts\/831","targetHints":{"allow":["GET"]}}],"collection":[{"href":"https:\/\/www.lobaumuseum.wien\/cms\/wp-json\/wp\/v2\/posts"}],"about":[{"href":"https:\/\/www.lobaumuseum.wien\/cms\/wp-json\/wp\/v2\/types\/post"}],"author":[{"embeddable":true,"href":"https:\/\/www.lobaumuseum.wien\/cms\/wp-json\/wp\/v2\/users\/7"}],"replies":[{"embeddable":true,"href":"https:\/\/www.lobaumuseum.wien\/cms\/wp-json\/wp\/v2\/comments?post=831"}],"version-history":[{"count":8,"href":"https:\/\/www.lobaumuseum.wien\/cms\/wp-json\/wp\/v2\/posts\/831\/revisions"}],"predecessor-version":[{"id":884,"href":"https:\/\/www.lobaumuseum.wien\/cms\/wp-json\/wp\/v2\/posts\/831\/revisions\/884"}],"wp:featuredmedia":[{"embeddable":true,"href":"https:\/\/www.lobaumuseum.wien\/cms\/wp-json\/wp\/v2\/media\/832"}],"wp:attachment":[{"href":"https:\/\/www.lobaumuseum.wien\/cms\/wp-json\/wp\/v2\/media?parent=831"}],"wp:term":[{"taxonomy":"category","embeddable":true,"href":"https:\/\/www.lobaumuseum.wien\/cms\/wp-json\/wp\/v2\/categories?post=831"},{"taxonomy":"post_tag","embeddable":true,"href":"https:\/\/www.lobaumuseum.wien\/cms\/wp-json\/wp\/v2\/tags?post=831"}],"curies":[{"name":"wp","href":"https:\/\/api.w.org\/{rel}","templated":true}]}}