{"id":8100,"date":"2026-04-26T20:21:12","date_gmt":"2026-04-26T18:21:12","guid":{"rendered":"https:\/\/www.lobaumuseum.wien\/cms\/?p=8100"},"modified":"2026-04-26T20:26:14","modified_gmt":"2026-04-26T18:26:14","slug":"klimaschaedlich-und-milliardenschwer-demo-in-essling-gegen-s1-lobau-autobahn","status":"publish","type":"post","link":"https:\/\/www.lobaumuseum.wien\/cms\/klimaschaedlich-und-milliardenschwer-demo-in-essling-gegen-s1-lobau-autobahn\/","title":{"rendered":"\u201eKlimasch\u00e4dlich&#8221; und &#8220;milliardenschwer&#8221;: Demo in Essling gegen S1 Lobau-Autobahn"},"content":{"rendered":"<p>Am Samstag, 18. April 2026, folgten 700 Personen dem Aufruf vieler Umweltinitiativen und fanden sich zu einer bunten Kundgebung im Jazzpark Essling, in Wien-Donaustadt zusammen. Ein breites B\u00fcndnis aus Wissenschafter:innen, K\u00fcnstler:innen und Umweltorganisationen stellte sich gegen den rechtswidrigen Baubeginn der klimasch\u00e4dlichen milliardenschweren Lobau-Autobahn. Obwohl zentrale Entscheide des Europ\u00e4ischen Gerichtshofs (EuGH) noch ausst\u00e4ndig sind, werden seit 1. April bereits erste bauliche Vorbereitungen f\u00fcr den Teilabschnitt S\u00fc\u00dfenbrunn &#8211; Gro\u00df Enzersdorf getroffen.<\/p>\n<p>Wolfgang Rehm von der Umweltorganisation VIRUS kritisiert das Vorpreschen von BM Hanke und Asfinag mit Bauvorbereitungsarbeiten f\u00fcr den S1 Freilandabschnitt. <em>\u201eAuch wenn das am 1. April noch kein richtiger Baubeginn war, sollen dort Tatsachen f\u00fcr die teuerste Sackgasse \u00d6sterreichs &#8211; mit vollem Autobahnquerschnitt &#8211; geschaffen werden, obwohl der Lobautunnel nicht realisiert werden kann<\/em><em>. <\/em><\/p>\n<p>&nbsp;<\/p>\n<p><strong>Wissenschaft schl\u00e4gt Alarm&nbsp;<\/strong><\/p>\n<p>Ein breites Spektrum an Expert:innen nutzte die B\u00fchne, um eindringlich vor den Folgen des Projekts zu warnen. Der \u00d6kologe Franz Essl (Universit\u00e4t Wien), Verkehrswissenschaftler Hermann Knoflacher (TU Wien), Klimaforscher Reinhard Steurer (BOKU), Maria Hoi-Leitner (Pr\u00e4sidentin des Naturschutzbundes Wien) und Gerald Hanninger (Pr\u00e4sident Lobaumuseum), zeichneten ein klares Bild: Die Lobau-Autobahn steht im Widerspruch zu Klima- und Naturschutzzielen und versch\u00e4rft bestehende Probleme.<\/p>\n<p><em>\u201eMilliarden flie\u00dfen in ein Projekt, das Natur zerst\u00f6rt, zus\u00e4tzlichen Verkehr erzeugt und Landschaften zerschneidet \u2013 w\u00e4hrend gleichzeitig \u00fcberall gespart wird\u201c,<\/em>&nbsp;kritisierte Essl. Stattdessen brauche es Investitionen in Renaturierung und eine Reduktion des Individualverkehrs.<\/p>\n<p><img loading=\"lazy\" decoding=\"async\" class=\"alignnone wp-image-8103\" src=\"https:\/\/www.lobaumuseum.wien\/cms\/wp-content\/uploads\/2026\/04\/Menschen_Kurt-Kracher-300x200.jpg\" alt=\"\" width=\"838\" height=\"558\" srcset=\"https:\/\/www.lobaumuseum.wien\/cms\/wp-content\/uploads\/2026\/04\/Menschen_Kurt-Kracher-300x200.jpg 300w, https:\/\/www.lobaumuseum.wien\/cms\/wp-content\/uploads\/2026\/04\/Menschen_Kurt-Kracher-1024x683.jpg 1024w, https:\/\/www.lobaumuseum.wien\/cms\/wp-content\/uploads\/2026\/04\/Menschen_Kurt-Kracher-768x512.jpg 768w, https:\/\/www.lobaumuseum.wien\/cms\/wp-content\/uploads\/2026\/04\/Menschen_Kurt-Kracher-1536x1024.jpg 1536w, https:\/\/www.lobaumuseum.wien\/cms\/wp-content\/uploads\/2026\/04\/Menschen_Kurt-Kracher-2048x1366.jpg 2048w, https:\/\/www.lobaumuseum.wien\/cms\/wp-content\/uploads\/2026\/04\/Menschen_Kurt-Kracher-95x62.jpg 95w\" sizes=\"auto, (max-width: 838px) 100vw, 838px\" \/><\/p>\n<p><strong>Kritik an Bodenversiegelung und Verkehrspolitik<\/strong>&nbsp;<\/p>\n<p>Neben \u00f6kologischen Aspekten kommt es zum&nbsp;Verlust hochwertiger landwirtschaftlicher Fl\u00e4chen.&nbsp;Die Lobau-Autobahn inkl. Spange zerst\u00f6rt dauerhaft 178 Hektar \u201ehochwertiges Ackerland. Und der geplante Speckg\u00fcrtel entlang der S1 Lobau-Autobahn, mit weiteren hunderten Hektar Bodenversiegelung, w\u00fcrde eine neue Betonw\u00fcste am Rande der Donaustadt entstehen lassen.<\/p>\n<p>Als Wissenschaftsverleugnung 2.0 bezeichnet Reinhard Steurer, Klimaforscher und Professor an der Universit\u00e4t f\u00fcr Bodenkultur, die Haltung der Politik in dieser Frage: \u201e<em>Alle klimawissenschaftlichen Prognosen skizzieren eine schleichende Katastrophe. Was wir am dringendsten brauchen, sind fruchtbare Ackerb\u00f6den f\u00fcr mehr Lebensmittelsicherheit im Inland.<\/em> <em>Politiker:innen, die dessen ungeachtet weiter Boden mit Autobahnen versiegeln, nehmen Klimawissenschaft offenbar nicht ernst.<\/em>&nbsp;<\/p>\n<p>&nbsp;<\/p>\n<p><strong>Naturjuwel Lobau in Gefahr&nbsp;<\/strong><\/p>\n<p>Die Lobau, Teil des Nationalparks Donau-Auen, z\u00e4hlt zu den \u00f6kologisch wertvollsten Gebieten \u00d6sterreichs. Sie ist Lebensraum f\u00fcr zahlreiche bedrohte Tier- und Pflanzenarten, fungiert als Klimaregulator und dient gleichzeitig als wichtiges Naherholungsgebiet.&nbsp;Doch genau dieses sensible \u00d6kosystem steht auf dem Spiel. Der geplante Tunnelbau k\u00f6nnte den Grundwasserhaushalt nachhaltig st\u00f6ren und die \u00f6kologische Stabilit\u00e4t des Auenwaldes gef\u00e4hrden.&nbsp; <em>\u201eDie Belastung durch L\u00e4rm und Schadstoffe w\u00fcrde den Nationalpark, &nbsp;zus\u00e4tzlich&nbsp; zu den bestehenden Autobahnen (A23, S1 S\u00fcd) und der Flughafen-Anflugschneise,&nbsp; massiv belasten\u201c, <\/em>so der Biologe Helmut Sattmann.<\/p>\n<figure id=\"attachment_8104\" aria-describedby=\"caption-attachment-8104\" style=\"width: 200px\" class=\"wp-caption alignleft\"><img loading=\"lazy\" decoding=\"async\" class=\"size-medium wp-image-8104\" src=\"https:\/\/www.lobaumuseum.wien\/cms\/wp-content\/uploads\/2026\/04\/Sabine-Zwierschitz_Maximilian-Judtmann-200x300.jpg\" alt=\"\" width=\"200\" height=\"300\" srcset=\"https:\/\/www.lobaumuseum.wien\/cms\/wp-content\/uploads\/2026\/04\/Sabine-Zwierschitz_Maximilian-Judtmann-200x300.jpg 200w, https:\/\/www.lobaumuseum.wien\/cms\/wp-content\/uploads\/2026\/04\/Sabine-Zwierschitz_Maximilian-Judtmann-684x1024.jpg 684w, https:\/\/www.lobaumuseum.wien\/cms\/wp-content\/uploads\/2026\/04\/Sabine-Zwierschitz_Maximilian-Judtmann-768x1150.jpg 768w, https:\/\/www.lobaumuseum.wien\/cms\/wp-content\/uploads\/2026\/04\/Sabine-Zwierschitz_Maximilian-Judtmann-1026x1536.jpg 1026w, https:\/\/www.lobaumuseum.wien\/cms\/wp-content\/uploads\/2026\/04\/Sabine-Zwierschitz_Maximilian-Judtmann.jpg 1282w\" sizes=\"auto, (max-width: 200px) 100vw, 200px\" \/><figcaption id=\"caption-attachment-8104\" class=\"wp-caption-text\">Organisatorin S. Zwierschitz und Musiker W. Vranovsky<\/figcaption><\/figure>\n<p><strong>Gesundheitsrisiko f\u00fcr die Bev\u00f6lkerung&nbsp;<\/strong><\/p>\n<p>Besonders alarmierend sind die prognostizierten Auswirkungen auf die Lebensqualit\u00e4t: T\u00e4glich sollen rund 60.000 Fahrzeuge den neun Kilometer langen Tunnel durchqueren. Die dabei entstehenden Abgase w\u00fcrden \u00fcber bis zu zehn Meter hohe Abluftt\u00fcrme ungefiltert an die Oberfl\u00e4che gelangen \u2013 in unmittelbarer N\u00e4he von Wohngebieten, Schulen und dem Erholungsgebiet Lobau. \u00dcber 400.000 Menschen w\u00e4ren von erh\u00f6hten sch\u00e4dlichen Emissionen (+60% laut Asfinag) betroffen. <em>\u201eWir stehen vor der Errichtung einer massiven Belastungsquelle direkt vor unserer Haust\u00fcr\u201c,<\/em>&nbsp;warnte Sabine Zwierschitz von der Initiative \u201eEsslinger f\u00fcr die Lobau\u201c.<\/p>\n<p><strong>Kunst und Kultur als Stimme des Protests&nbsp;<\/strong><\/p>\n<p>Neben den politischen und wissenschaftlichen Beitr\u00e4gen setzte auch die Kunst ein starkes Zeichen: Musiker Willy Vranovsky pr\u00e4sentierte erstmals live die Lobau-Hymne &#8220;Retten wir die LobAu&#8221; (<a href=\"https:\/\/youtu.be\/_Rv_b9VbQ2A\"><span style=\"color: #0000ff;\">https:\/\/youtu.be\/_Rv_b9VbQ2A<\/span><\/a>), w\u00e4hrend Barbara Dei\u00dfenberger, der Liedermacher \u201eSimon\u201c und die A4F-Streetband f\u00fcr eine eindrucksvolle kulturelle Begleitung sorgten.<\/p>\n<p>&nbsp;<\/p>\n<p>&nbsp;<\/p>\n<p>&nbsp;<\/p>\n<p>Fotos 1 und 3: M. Judtmann<br \/>\nFoto 2: K. Kracher<\/p>\n","protected":false},"excerpt":{"rendered":"<p>Am Samstag, 18. April 2026, folgten 700 Personen dem Aufruf vieler Umweltinitiativen und fanden sich zu einer bunten Kundgebung im Jazzpark Essling, in Wien-Donaustadt zusammen. Ein breites B\u00fcndnis aus Wissenschafter:innen, K\u00fcnstler:innen und Umweltorganisationen stellte sich gegen den rechtswidrigen Baubeginn der klimasch\u00e4dlichen milliardenschweren Lobau-Autobahn. Obwohl zentrale Entscheide des Europ\u00e4ischen Gerichtshofs (EuGH) noch ausst\u00e4ndig sind, werden seit 1. April bereits erste bauliche Vorbereitungen f\u00fcr den Teilabschnitt S\u00fc\u00dfenbrunn &#8211; Gro\u00df Enzersdorf getroffen. Wolfgang Rehm von der Umweltorganisation VIRUS&#8230;<\/p>\n","protected":false},"author":7,"featured_media":8105,"comment_status":"open","ping_status":"closed","sticky":false,"template":"","format":"standard","meta":{"ngg_post_thumbnail":0,"footnotes":""},"categories":[1,7,158],"tags":[],"class_list":["post-8100","post","type-post","status-publish","format-standard","has-post-thumbnail","hentry","category-allgemein","category-lobau-darf-nicht-sterben","category-rettet-die-lobau"],"post_mailing_queue_ids":[],"_links":{"self":[{"href":"https:\/\/www.lobaumuseum.wien\/cms\/wp-json\/wp\/v2\/posts\/8100","targetHints":{"allow":["GET"]}}],"collection":[{"href":"https:\/\/www.lobaumuseum.wien\/cms\/wp-json\/wp\/v2\/posts"}],"about":[{"href":"https:\/\/www.lobaumuseum.wien\/cms\/wp-json\/wp\/v2\/types\/post"}],"author":[{"embeddable":true,"href":"https:\/\/www.lobaumuseum.wien\/cms\/wp-json\/wp\/v2\/users\/7"}],"replies":[{"embeddable":true,"href":"https:\/\/www.lobaumuseum.wien\/cms\/wp-json\/wp\/v2\/comments?post=8100"}],"version-history":[{"count":8,"href":"https:\/\/www.lobaumuseum.wien\/cms\/wp-json\/wp\/v2\/posts\/8100\/revisions"}],"predecessor-version":[{"id":8111,"href":"https:\/\/www.lobaumuseum.wien\/cms\/wp-json\/wp\/v2\/posts\/8100\/revisions\/8111"}],"wp:featuredmedia":[{"embeddable":true,"href":"https:\/\/www.lobaumuseum.wien\/cms\/wp-json\/wp\/v2\/media\/8105"}],"wp:attachment":[{"href":"https:\/\/www.lobaumuseum.wien\/cms\/wp-json\/wp\/v2\/media?parent=8100"}],"wp:term":[{"taxonomy":"category","embeddable":true,"href":"https:\/\/www.lobaumuseum.wien\/cms\/wp-json\/wp\/v2\/categories?post=8100"},{"taxonomy":"post_tag","embeddable":true,"href":"https:\/\/www.lobaumuseum.wien\/cms\/wp-json\/wp\/v2\/tags?post=8100"}],"curies":[{"name":"wp","href":"https:\/\/api.w.org\/{rel}","templated":true}]}}