{"id":8088,"date":"2026-04-25T11:58:38","date_gmt":"2026-04-25T09:58:38","guid":{"rendered":"https:\/\/www.lobaumuseum.wien\/cms\/?p=8088"},"modified":"2026-04-25T12:05:26","modified_gmt":"2026-04-25T10:05:26","slug":"erhard-busek-1979-was-wird-durch-strassen-gewonnen","status":"publish","type":"post","link":"https:\/\/www.lobaumuseum.wien\/cms\/erhard-busek-1979-was-wird-durch-strassen-gewonnen\/","title":{"rendered":"Erhard Busek 1979: Was wird durch Stra\u00dfen gewonnen?"},"content":{"rendered":"<p><strong><a href=\"https:\/\/www.lobaumuseum.wien\/cms\/wp-content\/uploads\/2026\/04\/2099566_800-Erhard-Busek-Foto-privat-via-parlament-gv-at.jpg\"><img loading=\"lazy\" decoding=\"async\" class=\" wp-image-8091 alignleft\" src=\"https:\/\/www.lobaumuseum.wien\/cms\/wp-content\/uploads\/2026\/04\/2099566_800-Erhard-Busek-Foto-privat-via-parlament-gv-at-213x300.jpg\" alt=\"\" width=\"135\" height=\"190\" srcset=\"https:\/\/www.lobaumuseum.wien\/cms\/wp-content\/uploads\/2026\/04\/2099566_800-Erhard-Busek-Foto-privat-via-parlament-gv-at-213x300.jpg 213w, https:\/\/www.lobaumuseum.wien\/cms\/wp-content\/uploads\/2026\/04\/2099566_800-Erhard-Busek-Foto-privat-via-parlament-gv-at.jpg 567w\" sizes=\"auto, (max-width: 135px) 100vw, 135px\" \/><\/a>Am 6. Dezember 1979 schrieb der weitsichtige Wiener Vizeb\u00fcrgermeister und Landesparteiobmann der \u00d6VP Erhard Busek (\u2020 2022) in der Wochenzeitung <a href=\"https:\/\/www.furche.at\/\">DIE FURCHE<\/a>&nbsp;\u00fcber Autos, Autobahnen, und \u00f6ffentliche Verkehrsmittel. <\/strong><\/p>\n<p><strong>Ein halbes Jahrhundert sp\u00e4ter sind seine Gedankeng\u00e4nge unver\u00e4ndert aktuell:<\/strong><\/p>\n<p style=\"padding-left: 40px;\"><em>MENSCHEN SIND WICHTIGER<\/em><\/p>\n<p style=\"padding-left: 40px;\"><em>Das Auto wird weiter seine Bedeutung haben. Zur Diskussion steht nur, in welcher Weise wir unser Leben gestalten, um nicht politische Sklaven der \u00d6lscheichs und geistige Sklaven eines normierten Freizeitverhaltens zu werden.<\/em><\/p>\n<p style=\"padding-left: 40px;\"><em>F\u00fcr Pendler ist das Auto von ebenso gro\u00dfer Bedeutung wie als Transportmittel f\u00fcr die Wirtschaft &#8211; aber auf die richtige Zuordnung im Leben kommt es an.<\/em><\/p>\n<p style=\"padding-left: 40px;\"><em>Damit aber beginnen die Probleme. Die Bundeshauptstadt Wien hat zur Zeit der Ersten Republik ein besseres Netz an \u00f6ffentlichen Verkehrsmitteln gehabt als heute.<\/em><\/p>\n<p style=\"padding-left: 40px;\"><em>Seit Jahrzehnten haben wir einseitig viele Mittel in den Stra\u00dfenbau gesteckt und den Ausbau von Stra\u00dfenbahn und Stadtbahn vernachl\u00e4ssigt, Schnellbahn und U-Bahn zu sp\u00e4t gebaut. Zum Gl\u00fcck k\u00f6nnen wir auf das innerst\u00e4dtische Verkehrsnetz von Kaisers Zeiten zur\u00fcckgreifen, wie es etwa in den n\u00e4chsten Jahren bei der Vorortelinie geschieht.<\/em><\/p>\n<p style=\"padding-left: 40px;\"><em>Noch aber feiert der Tiefbau fr\u00f6hliche Urst\u00e4nd\u2019. <strong>Lobau-Autobahn<\/strong>, Fl\u00f6tzersteig-Hochleistungsschnellstra\u00dfe und Brigittenauer Autobahn und&nbsp;G\u00fcrtelautobahn &#8211; lauter Bedrohungen f\u00fcr Mensch und Natur mitten in der Stadt.<\/em><\/p>\n<p style=\"padding-left: 40px;\"><em>Was wird durch diese Stra\u00dfen gewonnen? Meistens nur fragliche Minuten, wobei gerade schnelle Stra\u00dfen neuen Verkehr erzeugen.<\/em><\/p>\n<p style=\"padding-left: 40px;\"><em>Wenn man wenigstens konsequent gewesen w\u00e4re und im gleichen Ausma\u00df Parkpl\u00e4tze geschaffen h\u00e4tte! So aber versucht man, neuen Raum f\u00fcr sich bewegende Autos zu gewinnen, w\u00e4hrend die geparkten jetzt schon keinen Platz mehr finden.<\/em><\/p>\n<p style=\"padding-left: 40px;\"><em>Man muss dem Menschen den Lebensraum wieder gewinnen: durch&nbsp;Fu\u00dfg\u00e4ngerzonen, verkehrsarme Bereiche, Gr\u00fcnbr\u00fccken und \u00e4hnliches! W\u00fcrden wir&nbsp;das Auto weniger ben\u00fctzen, h\u00e4tten wir auch mehr Gelegenheit zu menschlicher&nbsp;Begegnung. <\/em><\/p>\n<p style=\"padding-left: 40px;\"><em>Aber dazu sind ja heute H\u00e4user der Begegnung, Kommunikationszentren, Info-Centers und \u00e4hnliche &#8211; allein schon durch diese Begriffe ausgewiesene \u2013 Unget\u00fcme da.<\/em><\/p>\n<h6>Portr\u00e4tfoto: \u00a9 Parlamentsdirektion<br \/>\nTitelfoto: Manfred Christ<\/h6>\n","protected":false},"excerpt":{"rendered":"<p>Am 6. Dezember 1979 schrieb der weitsichtige Wiener Vizeb\u00fcrgermeister und Landesparteiobmann der \u00d6VP Erhard Busek (\u2020 2022) in der Wochenzeitung DIE FURCHE&nbsp;\u00fcber Autos, Autobahnen, und \u00f6ffentliche Verkehrsmittel. Ein halbes Jahrhundert sp\u00e4ter sind seine Gedankeng\u00e4nge unver\u00e4ndert aktuell: MENSCHEN SIND WICHTIGER Das Auto wird weiter seine Bedeutung haben. Zur Diskussion steht nur, in welcher Weise wir unser Leben gestalten, um nicht politische Sklaven der \u00d6lscheichs und geistige Sklaven eines normierten Freizeitverhaltens zu werden. F\u00fcr Pendler ist das&#8230;<\/p>\n","protected":false},"author":7,"featured_media":8089,"comment_status":"open","ping_status":"closed","sticky":false,"template":"","format":"standard","meta":{"ngg_post_thumbnail":0,"footnotes":""},"categories":[7,158],"tags":[55],"class_list":["post-8088","post","type-post","status-publish","format-standard","has-post-thumbnail","hentry","category-lobau-darf-nicht-sterben","category-rettet-die-lobau","tag-autobahn"],"post_mailing_queue_ids":[],"_links":{"self":[{"href":"https:\/\/www.lobaumuseum.wien\/cms\/wp-json\/wp\/v2\/posts\/8088","targetHints":{"allow":["GET"]}}],"collection":[{"href":"https:\/\/www.lobaumuseum.wien\/cms\/wp-json\/wp\/v2\/posts"}],"about":[{"href":"https:\/\/www.lobaumuseum.wien\/cms\/wp-json\/wp\/v2\/types\/post"}],"author":[{"embeddable":true,"href":"https:\/\/www.lobaumuseum.wien\/cms\/wp-json\/wp\/v2\/users\/7"}],"replies":[{"embeddable":true,"href":"https:\/\/www.lobaumuseum.wien\/cms\/wp-json\/wp\/v2\/comments?post=8088"}],"version-history":[{"count":6,"href":"https:\/\/www.lobaumuseum.wien\/cms\/wp-json\/wp\/v2\/posts\/8088\/revisions"}],"predecessor-version":[{"id":8097,"href":"https:\/\/www.lobaumuseum.wien\/cms\/wp-json\/wp\/v2\/posts\/8088\/revisions\/8097"}],"wp:featuredmedia":[{"embeddable":true,"href":"https:\/\/www.lobaumuseum.wien\/cms\/wp-json\/wp\/v2\/media\/8089"}],"wp:attachment":[{"href":"https:\/\/www.lobaumuseum.wien\/cms\/wp-json\/wp\/v2\/media?parent=8088"}],"wp:term":[{"taxonomy":"category","embeddable":true,"href":"https:\/\/www.lobaumuseum.wien\/cms\/wp-json\/wp\/v2\/categories?post=8088"},{"taxonomy":"post_tag","embeddable":true,"href":"https:\/\/www.lobaumuseum.wien\/cms\/wp-json\/wp\/v2\/tags?post=8088"}],"curies":[{"name":"wp","href":"https:\/\/api.w.org\/{rel}","templated":true}]}}