{"id":5458,"date":"2022-12-17T13:16:01","date_gmt":"2022-12-17T12:16:01","guid":{"rendered":"https:\/\/www.lobaumuseum.wien\/cms\/?p=5458"},"modified":"2024-05-15T20:11:04","modified_gmt":"2024-05-15T18:11:04","slug":"untere-lobau-ueberfluege-zuletzt-bei-80-prozent-von-2019","status":"publish","type":"post","link":"https:\/\/www.lobaumuseum.wien\/cms\/untere-lobau-ueberfluege-zuletzt-bei-80-prozent-von-2019\/","title":{"rendered":"Untere Lobau: \u00dcberfl\u00fcge zuletzt bei 80 Prozent von 2019"},"content":{"rendered":"<p><strong>Der Flugverkehr \u00fcber dem Gebiet des Nationalparks Donau-Auen n\u00e4hert sich wieder dem Niveau von 2019 &#8211; das ist die schlechte Nachricht. Eine etwas bessere: Mit den Lockdowns und Reisebeschr\u00e4nkungen blieben der Unteren Lobau seit 2020 mehr als 70.000 \u00dcberfl\u00fcge erspart.<\/strong><\/p>\n<p>Der Flugverkehr \u00fcber die Untere Lobau und die angrenzenden Teile des Nationalparks Donau-Auen in Nieder\u00f6sterreich ist sicher nicht das gr\u00f6\u00dfte Problem der sterbenden Auenlandschaft, der vor allem das Wasser abgeht. &#8220;Wir m\u00fcssen die Untere Lobau wieder dem flie\u00dfenden Wasser \u00f6ffnen, damit die Donau ihre Aufgabe selbst \u00fcbernehmen und ein neues Gleichgewicht von Eintrag und Austrag herstellen kann!&#8221;, so lautete der Ruf der Nationalparkverwaltung bereits vor mehr als 20 Jahren, und er blieb bis heute ungeh\u00f6rt. Aber ein \u00c4rgernis sind die \u00dcberfl\u00fcge allemal, besonders die Landeanfl\u00fcge auf den Flughafen Schwechat in geringer H\u00f6he beim K\u00fchw\u00f6rther Wasser. (<em>Nicht Ortskundige siehe Karte mit einem Flugspuren-Beispiel vom September 2021 unten!<\/em>)<\/p>\n<p>Immerhin drei Sommer lang war es nun verh\u00e4ltnism\u00e4\u00dfig ruhig, im vergangenen Herbst jedoch stieg die Zahl der \u00dcberfl\u00fcge recht deutlich an &#8211; im September waren es knapp 90 Prozent des Werts von 2019, im Oktober und November dann ca. 80 Prozent. Dennoch: Vergleicht man die tats\u00e4chlichen \u00dcberfl\u00fcge der letzten drei Jahre mit dem, was ohne die Covid-19-Krise und ihre Folgen zu erwarten gewesen w\u00e4re, blieben der Unteren Lobau seit 2020 zumindest 70.000 \u00dcberfl\u00fcge erspart &#8211; in etwa das Gesamtaufkommen von eineinhalb &#8220;normalen&#8221; Jahren.<\/p>\n<p>Der nachstehenden Grafik sind die Flugbewegungen \u00fcber die Lobau seit Anfang 2019 bis inklusive November 2022 zu entnehmen, getrennt nach Starts und Landungen. Die Entwicklung entspricht in etwa der am Flughafen Schwechat insgesamt.<\/p>\n<figure id=\"attachment_5459\" aria-describedby=\"caption-attachment-5459\" style=\"width: 900px\" class=\"wp-caption aligncenter\"><a href=\"https:\/\/www.lobaumuseum.wien\/cms\/wp-content\/uploads\/2022\/12\/flugbewegungen_2019-nov2022.jpg\"><img loading=\"lazy\" decoding=\"async\" class=\"size-full wp-image-5459\" src=\"https:\/\/www.lobaumuseum.wien\/cms\/wp-content\/uploads\/2022\/12\/flugbewegungen_2019-nov2022.jpg\" alt=\"\" width=\"900\" height=\"577\" srcset=\"https:\/\/www.lobaumuseum.wien\/cms\/wp-content\/uploads\/2022\/12\/flugbewegungen_2019-nov2022.jpg 900w, https:\/\/www.lobaumuseum.wien\/cms\/wp-content\/uploads\/2022\/12\/flugbewegungen_2019-nov2022-300x192.jpg 300w, https:\/\/www.lobaumuseum.wien\/cms\/wp-content\/uploads\/2022\/12\/flugbewegungen_2019-nov2022-768x492.jpg 768w, https:\/\/www.lobaumuseum.wien\/cms\/wp-content\/uploads\/2022\/12\/flugbewegungen_2019-nov2022-174x111.jpg 174w, https:\/\/www.lobaumuseum.wien\/cms\/wp-content\/uploads\/2022\/12\/flugbewegungen_2019-nov2022-95x62.jpg 95w\" sizes=\"auto, (max-width: 900px) 100vw, 900px\" \/><\/a><figcaption id=\"caption-attachment-5459\" class=\"wp-caption-text\">Quelle: <a href=\"https:\/\/vie.noiselab.casper.aero\/uploads\/Linien%20und%20Charterzahlen.pdf\" target=\"_blank\" rel=\"noopener noreferrer\">Linien- und Charterzahlen<\/a>, eigene Berechnungen<\/figcaption><\/figure>\n<p>F\u00fcr 2022 rechnet die Flughafen AG nun mit 23 Millionen Passagieren (2019: 31,7 Millionen). Wie sich das Fluggesch\u00e4ft 2023 im Kontext des erwarteten Abschwungs der Weltwirtschaft und der Energie- und Wirtschaftskrise in Europa entwickeln wird, wei\u00df nat\u00fcrlich niemand. Eines steht aber jetzt schon fest: Es ist mit mehr <strong>Greenwashing <\/strong>zu rechnen. Wie der Vorstand der Flughafen AG verk\u00fcndete, wird der Flughafen Schwechat ab J\u00e4nner 2023 &#8220;einer der ersten Green Airports Europas sein&#8221;. Diese Verwandlung ist 45 Hektar an Solarpanelen zu verdanken, die den Strombedarf des Flughafens decken werden. Macht das Beispiel Schule, dann m\u00fcssen wir uns in nicht so ferner Zukunft auch mit gr\u00fcnen Fl\u00fcssiggastankern, gr\u00fcnen \u00d6lf\u00f6rderanlagen und gr\u00fcnen Kohlebergwerken vertraut machen.<\/p>\n<p><strong>Flugverkehr: Infos f\u00fcr nicht Ortskundige<\/strong><\/p>\n<figure id=\"attachment_4765\" aria-describedby=\"caption-attachment-4765\" style=\"width: 300px\" class=\"wp-caption alignright\"><a href=\"https:\/\/www.lobaumuseum.wien\/cms\/wp-content\/uploads\/2021\/09\/flugspuren_11-9-21a.jpg\"><img loading=\"lazy\" decoding=\"async\" class=\"size-medium wp-image-4765\" src=\"https:\/\/www.lobaumuseum.wien\/cms\/wp-content\/uploads\/2021\/09\/flugspuren_11-9-21a-300x235.jpg\" alt=\"\" width=\"300\" height=\"235\" srcset=\"https:\/\/www.lobaumuseum.wien\/cms\/wp-content\/uploads\/2021\/09\/flugspuren_11-9-21a-300x235.jpg 300w, https:\/\/www.lobaumuseum.wien\/cms\/wp-content\/uploads\/2021\/09\/flugspuren_11-9-21a-768x601.jpg 768w, https:\/\/www.lobaumuseum.wien\/cms\/wp-content\/uploads\/2021\/09\/flugspuren_11-9-21a-117x91.jpg 117w, https:\/\/www.lobaumuseum.wien\/cms\/wp-content\/uploads\/2021\/09\/flugspuren_11-9-21a.jpg 846w\" sizes=\"auto, (max-width: 300px) 100vw, 300px\" \/><\/a><figcaption id=\"caption-attachment-4765\" class=\"wp-caption-text\">Quelle: <a href=\"https:\/\/flugspuren.at\/jart\/prj3\/flugspuren\/main.jart\" target=\"_blank\" rel=\"noopener\">flugspuren.at<\/a><\/figcaption><\/figure>\n<p>Startende Flugzeuge (gr\u00fcne Linien) \u00fcberfliegen zwar ein gr\u00f6\u00dferes Gebiet, aber in der Regel in gr\u00f6\u00dferer H\u00f6he, w\u00e4hrend Flugzeuge im Landeanflug (violette Linien) zwar eine schmale Einflugschneise nutzen, den Auwald aber in wenigen hundert Metern H\u00f6he \u00fcberfliegen, mit weit gr\u00f6\u00dferem St\u00f6rpotenzial. Das betroffene Gebiet umfasst einen 400 bis 800 Meter breiten Streifen zu beiden Seiten der Zentrallinie der \u00dcberfl\u00fcge. Die sich daraus ergebende Fl\u00e4che von ca. 480 Hektar entspricht f\u00fcnf Prozent der Gesamtfl\u00e4che des Nationalparks, aber mehr als 20 Prozent des Wiener Teils!<\/p>\n<h4>Links &amp; Quellen<\/h4>\n<p>&nbsp;<\/p>\n<ul>\n<li>Lobaumuseum: <a href=\"https:\/\/www.lobaumuseum.wien\/cms\/untere-lobau-ueberfluege-legen-wieder-zu\/\">Untere Lobau: \u00dcberfl\u00fcge legen wieder zu<\/a><\/li>\n<li>Lobaumuseum: <a href=\"https:\/\/www.lobaumuseum.wien\/cms\/ueberfluege-um-zwei-drittel-reduziert\/\">\u00dcberfl\u00fcge um zwei Drittel reduziert<\/a><\/li>\n<li>Studie zu Einflugschneisen &amp; Vogelwelt &#8211; Teil 1 (Literaturstudie, 2008): <a href=\"https:\/\/www.zobodat.at\/pdf\/NP-Donauauen-WissR_45_0001-0036.pdf\" target=\"_blank\" rel=\"noopener\">Auswirkungen von Flugzeug-Einflugschneisen auf die Vogelwelt unter besonderer Ber\u00fccksichtigung von Gro\u00dfv\u00f6geln und Arten aus dem Anhang I der EU-Vogelschutzrichtlinie.<\/a><\/li>\n<li>Teil 2, englisch mit deutscher Zusammenfassung: <a href=\"https:\/\/infothek.donauauen.at\/fileadmin\/Infothek\/2_WissenschaftlPublikationen\/21_WissenschaftlicheReihe\/10543_NPDA_46_2016_Muraoka_Teufelbauer_Wichmann_Flugzeug_Einflugschneisen_Freilandbeobachtungen.pdf\" target=\"_blank\" rel=\"noopener\">Freilandbeobachtungen<\/a><\/li>\n<li>Flughafen Wien AG, Nov. 2022: <a href=\"https:\/\/www.viennaairport.com\/unternehmen\/presse__news\/presseaussendungen__news_2?news_beitrag_id=1668432403568\" target=\"_blank\" rel=\"noopener\">Aufw\u00e4rtstrend bei Passagieren, Umsatz und Ergebnis h\u00e4lt weiter an<\/a><\/li>\n<\/ul>\n<p>&nbsp;<\/p>\n<p>Titelfoto: <a href=\"https:\/\/www.kurt-kracher.at\/\" target=\"_blank\" rel=\"noopener\">Kurt Kracher<\/a><\/p>\n","protected":false},"excerpt":{"rendered":"<p>Der Flugverkehr \u00fcber dem Gebiet des Nationalparks Donau-Auen n\u00e4hert sich wieder dem Niveau von 2019 &#8211; das ist die schlechte Nachricht. Eine etwas bessere: Mit den Lockdowns und Reisebeschr\u00e4nkungen blieben der Unteren Lobau seit 2020 mehr als 70.000 \u00dcberfl\u00fcge erspart. Der Flugverkehr \u00fcber die Untere Lobau und die angrenzenden Teile des Nationalparks Donau-Auen in Nieder\u00f6sterreich ist sicher nicht das gr\u00f6\u00dfte Problem der sterbenden Auenlandschaft, der vor allem das Wasser abgeht. &#8220;Wir m\u00fcssen die Untere Lobau&#8230;<\/p>\n","protected":false},"author":9,"featured_media":5461,"comment_status":"open","ping_status":"closed","sticky":false,"template":"","format":"standard","meta":{"ngg_post_thumbnail":0,"footnotes":""},"categories":[158],"tags":[162,147],"class_list":["post-5458","post","type-post","status-publish","format-standard","has-post-thumbnail","hentry","category-rettet-die-lobau","tag-flugverkehr","tag-robert-poth"],"post_mailing_queue_ids":[],"_links":{"self":[{"href":"https:\/\/www.lobaumuseum.wien\/cms\/wp-json\/wp\/v2\/posts\/5458","targetHints":{"allow":["GET"]}}],"collection":[{"href":"https:\/\/www.lobaumuseum.wien\/cms\/wp-json\/wp\/v2\/posts"}],"about":[{"href":"https:\/\/www.lobaumuseum.wien\/cms\/wp-json\/wp\/v2\/types\/post"}],"author":[{"embeddable":true,"href":"https:\/\/www.lobaumuseum.wien\/cms\/wp-json\/wp\/v2\/users\/9"}],"replies":[{"embeddable":true,"href":"https:\/\/www.lobaumuseum.wien\/cms\/wp-json\/wp\/v2\/comments?post=5458"}],"version-history":[{"count":5,"href":"https:\/\/www.lobaumuseum.wien\/cms\/wp-json\/wp\/v2\/posts\/5458\/revisions"}],"predecessor-version":[{"id":6278,"href":"https:\/\/www.lobaumuseum.wien\/cms\/wp-json\/wp\/v2\/posts\/5458\/revisions\/6278"}],"wp:featuredmedia":[{"embeddable":true,"href":"https:\/\/www.lobaumuseum.wien\/cms\/wp-json\/wp\/v2\/media\/5461"}],"wp:attachment":[{"href":"https:\/\/www.lobaumuseum.wien\/cms\/wp-json\/wp\/v2\/media?parent=5458"}],"wp:term":[{"taxonomy":"category","embeddable":true,"href":"https:\/\/www.lobaumuseum.wien\/cms\/wp-json\/wp\/v2\/categories?post=5458"},{"taxonomy":"post_tag","embeddable":true,"href":"https:\/\/www.lobaumuseum.wien\/cms\/wp-json\/wp\/v2\/tags?post=5458"}],"curies":[{"name":"wp","href":"https:\/\/api.w.org\/{rel}","templated":true}]}}