{"id":5444,"date":"2022-12-16T12:42:37","date_gmt":"2022-12-16T11:42:37","guid":{"rendered":"https:\/\/www.lobaumuseum.wien\/cms\/?p=5444"},"modified":"2023-01-21T14:10:19","modified_gmt":"2023-01-21T13:10:19","slug":"hoffen-auf-ein-wunder-biodiversitaets-strategie-2030","status":"publish","type":"post","link":"https:\/\/www.lobaumuseum.wien\/cms\/hoffen-auf-ein-wunder-biodiversitaets-strategie-2030\/","title":{"rendered":"Hoffen auf ein Wunder: Biodiversit\u00e4ts-Strategie 2030+"},"content":{"rendered":"<p><strong>Die soeben vom Umweltministerium ver\u00f6ffentlichte <a href=\"https:\/\/www.bmk.gv.at\/themen\/klima_umwelt\/naturschutz\/biol_vielfalt\/biodiversitaetsstrategie_2030.html\">Biodiversit\u00e4ts-Strategie \u00d6sterreich 2030+<\/a> enth\u00e4lt etliche Merks\u00e4tze, die sich die f\u00fcr die Lobau verantwortlichen Politiker der Stadt Wien hinter die Ohren schreiben sollten:<\/strong><\/p>\n<p><img loading=\"lazy\" decoding=\"async\" class=\" wp-image-5446 alignleft\" src=\"https:\/\/www.lobaumuseum.wien\/cms\/wp-content\/uploads\/2022\/12\/BMLRT_Biodiversitaet_Visual_ohne_gross_rgb-300x266.jpg\" alt=\"\" width=\"273\" height=\"242\" srcset=\"https:\/\/www.lobaumuseum.wien\/cms\/wp-content\/uploads\/2022\/12\/BMLRT_Biodiversitaet_Visual_ohne_gross_rgb-300x266.jpg 300w, https:\/\/www.lobaumuseum.wien\/cms\/wp-content\/uploads\/2022\/12\/BMLRT_Biodiversitaet_Visual_ohne_gross_rgb-1024x909.jpg 1024w, https:\/\/www.lobaumuseum.wien\/cms\/wp-content\/uploads\/2022\/12\/BMLRT_Biodiversitaet_Visual_ohne_gross_rgb-768x682.jpg 768w, https:\/\/www.lobaumuseum.wien\/cms\/wp-content\/uploads\/2022\/12\/BMLRT_Biodiversitaet_Visual_ohne_gross_rgb-1536x1364.jpg 1536w, https:\/\/www.lobaumuseum.wien\/cms\/wp-content\/uploads\/2022\/12\/BMLRT_Biodiversitaet_Visual_ohne_gross_rgb.jpg 1955w\" sizes=\"auto, (max-width: 273px) 100vw, 273px\" \/><em>\u201eDie biologische Vielfalt ist die Grundlage f\u00fcr unser Leben und unsere Lebensversicherung.\u201c<\/em><\/p>\n<p><em>\u201eDie Natur mit allen ihren Komponenten wertzusch\u00e4tzen, zu erhalten, wiederherzustellen und nachhaltig zu bewirtschaften ist nicht nur Selbstzweck, es ist eine Verpflichtung gegen\u00fcber den nachfolgenden Generationen.\u201c<\/em><\/p>\n<p><em>\u201eDer Verlust der Biodiversit\u00e4t hat dramatische Folgen f\u00fcr Wirtschaft und Gesellschaft. Allein die Kosten der Nicht-Umsetzung der f\u00fcr die Natur relevanten EU-Rechtsvorschriften wird mit einem Betrag von 50 Mrd. Euro pro Jahr beziffert.\u201c<\/em><\/p>\n<p><em>\u201eDie Entwicklung des Erhaltungszustands und der Erhaltungstrends der EU-Schutzg\u00fcter zeigt in \u00d6sterreich kein befriedigendes Bild. Der Anteil der einer Gef\u00e4hrdungskategorie zugeordneten Biotoptypen ist in den Gruppen Gr\u00fcnland (90 %), Moore, S\u00fcmpfe und Quellfluren (83 %) sowie Gew\u00e4sser (76 %) am h\u00f6chsten.\u201c<\/em><\/p>\n<p><em>\u201eIn der Roten Liste der Biotope sind 21 % der Gruppe Binnengew\u00e4sser und Gew\u00e4sservegetation von vollst\u00e4ndiger Vernichtung bedroht und die Mehrzahl (47 %) ist stark gef\u00e4hrdet.\u201c<\/em><\/p>\n<p><em>\u201eNutzungen von Gew\u00e4ssern und Auen sollten verst\u00e4rkt und vertieft mit den Erfordernissen des Hochwasserschutzes, des Schutzes der nat\u00fcrlichen Ressourcen und dem Naturschutz abgestimmt werden.\u201c<\/em><\/p>\n<p style=\"padding-left: 40px;\">Unmittelbar zu setzende Ma\u00dfnahmen sind unter anderen:<\/p>\n<p><em>\u201eDie Intensivierung von Konfliktmanagementma\u00dfnahmen und partizipativen Prozessen unter Einbindung aller Interessensgruppen zur Erarbeitung zielf\u00fchrender L\u00f6sungen f\u00fcr die Erreichung und den Erhalt des g\u00fcnstigen Erhaltungszustandes aller Schutzg\u00fcter der Gew\u00e4sser.\u201c<\/em><\/p>\n<p style=\"padding-left: 40px;\"><strong>Was hat das alles mit der Lobau zu tun?<\/strong><\/p>\n<p><a href=\"https:\/\/www.lobaumuseum.wien\/cms\/wp-content\/uploads\/2022\/12\/15999l01.jpg\"><img loading=\"lazy\" decoding=\"async\" class=\"alignright wp-image-5447\" src=\"https:\/\/www.lobaumuseum.wien\/cms\/wp-content\/uploads\/2022\/12\/15999l01-1024x682.jpg\" alt=\"\" width=\"415\" height=\"276\" srcset=\"https:\/\/www.lobaumuseum.wien\/cms\/wp-content\/uploads\/2022\/12\/15999l01-1024x682.jpg 1024w, https:\/\/www.lobaumuseum.wien\/cms\/wp-content\/uploads\/2022\/12\/15999l01-300x200.jpg 300w, https:\/\/www.lobaumuseum.wien\/cms\/wp-content\/uploads\/2022\/12\/15999l01-768x511.jpg 768w, https:\/\/www.lobaumuseum.wien\/cms\/wp-content\/uploads\/2022\/12\/15999l01-1536x1022.jpg 1536w, https:\/\/www.lobaumuseum.wien\/cms\/wp-content\/uploads\/2022\/12\/15999l01-2048x1363.jpg 2048w, https:\/\/www.lobaumuseum.wien\/cms\/wp-content\/uploads\/2022\/12\/15999l01-95x62.jpg 95w\" sizes=\"auto, (max-width: 415px) 100vw, 415px\" \/><\/a>Seit Jahrzehnten trifft die Stadt keine wirkungsvollen Entscheidungen, um den Wiener Anteil des Nationalparks Donau-Auen seinem Wert gem\u00e4\u00df dauerhaft am Leben zu erhalten.<\/p>\n<p>S\u00e4mtliche Studien, Vorhaben und Pl\u00e4ne zur Revitalisierung des Gebietes sind nach Fertigstellung in Schubladen verschwunden. Die Stadtpolitik nahm es bisher dem Augenschein nach in Kauf, dass die Lobau ihre charakteristische Tier- und Pflanzenvielfalt verliert, dass ihre Gew\u00e4sser verlanden und vertrocknen. Dies alles unter mutma\u00dflicher Geringsch\u00e4tzung des Wiener Nationalparkgesetzes, des Wiener Naturschutzgesetzes und der Europ\u00e4ischen Fauna-Flora-Habitat-Richtlinie.<\/p>\n<p>Warum? Vermutlich zu teuer, politisch unattraktiv, zu kompliziert, kaum Aussicht auf zus\u00e4tzliche W\u00e4hlerstimmen. Dazu kommt die l\u00e4hmende Furcht vor einer Gef\u00e4hrdung der ohnehin diskussionsw\u00fcrdigen Grundwasserbrunnen.<\/p>\n<p>Au\u00dferdem: Die Opposition will es anders &#8211; und da sind die beiden Regierungsparteien im Gemeinderat ohnehin grunds\u00e4tzlich dagegen. Ein Njet von SP und NEOS k\u00e4me demnach auch, w\u00fcrden Gr\u00fcne, VP und FP den Antrag stellen, allen Wienern Frohe Weihnachten zu w\u00fcnschen.<\/p>\n<p><em>Fotos: <a href=\"https:\/\/www.kurt-kracher.at\/\">Kurt Kracher<\/a><\/em><\/p>\n<p>&nbsp;<\/p>\n","protected":false},"excerpt":{"rendered":"<p>Die soeben vom Umweltministerium ver\u00f6ffentlichte Biodiversit\u00e4ts-Strategie \u00d6sterreich 2030+ enth\u00e4lt etliche Merks\u00e4tze, die sich die f\u00fcr die Lobau verantwortlichen Politiker der Stadt Wien hinter die Ohren schreiben sollten: \u201eDie biologische Vielfalt ist die Grundlage f\u00fcr unser Leben und unsere Lebensversicherung.\u201c \u201eDie Natur mit allen ihren Komponenten wertzusch\u00e4tzen, zu erhalten, wiederherzustellen und nachhaltig zu bewirtschaften ist nicht nur Selbstzweck, es ist eine Verpflichtung gegen\u00fcber den nachfolgenden Generationen.\u201c \u201eDer Verlust der Biodiversit\u00e4t hat dramatische Folgen f\u00fcr Wirtschaft und&#8230;<\/p>\n","protected":false},"author":7,"featured_media":5445,"comment_status":"open","ping_status":"closed","sticky":false,"template":"","format":"standard","meta":{"ngg_post_thumbnail":0,"footnotes":""},"categories":[158],"tags":[],"class_list":["post-5444","post","type-post","status-publish","format-standard","has-post-thumbnail","hentry","category-rettet-die-lobau"],"post_mailing_queue_ids":[],"_links":{"self":[{"href":"https:\/\/www.lobaumuseum.wien\/cms\/wp-json\/wp\/v2\/posts\/5444","targetHints":{"allow":["GET"]}}],"collection":[{"href":"https:\/\/www.lobaumuseum.wien\/cms\/wp-json\/wp\/v2\/posts"}],"about":[{"href":"https:\/\/www.lobaumuseum.wien\/cms\/wp-json\/wp\/v2\/types\/post"}],"author":[{"embeddable":true,"href":"https:\/\/www.lobaumuseum.wien\/cms\/wp-json\/wp\/v2\/users\/7"}],"replies":[{"embeddable":true,"href":"https:\/\/www.lobaumuseum.wien\/cms\/wp-json\/wp\/v2\/comments?post=5444"}],"version-history":[{"count":8,"href":"https:\/\/www.lobaumuseum.wien\/cms\/wp-json\/wp\/v2\/posts\/5444\/revisions"}],"predecessor-version":[{"id":5501,"href":"https:\/\/www.lobaumuseum.wien\/cms\/wp-json\/wp\/v2\/posts\/5444\/revisions\/5501"}],"wp:featuredmedia":[{"embeddable":true,"href":"https:\/\/www.lobaumuseum.wien\/cms\/wp-json\/wp\/v2\/media\/5445"}],"wp:attachment":[{"href":"https:\/\/www.lobaumuseum.wien\/cms\/wp-json\/wp\/v2\/media?parent=5444"}],"wp:term":[{"taxonomy":"category","embeddable":true,"href":"https:\/\/www.lobaumuseum.wien\/cms\/wp-json\/wp\/v2\/categories?post=5444"},{"taxonomy":"post_tag","embeddable":true,"href":"https:\/\/www.lobaumuseum.wien\/cms\/wp-json\/wp\/v2\/tags?post=5444"}],"curies":[{"name":"wp","href":"https:\/\/api.w.org\/{rel}","templated":true}]}}