{"id":4523,"date":"2021-05-19T08:30:46","date_gmt":"2021-05-19T06:30:46","guid":{"rendered":"https:\/\/www.lobaumuseum.wien\/cms\/?p=4523"},"modified":"2021-07-06T06:33:00","modified_gmt":"2021-07-06T04:33:00","slug":"ein-auen-kaefer-frueher-haeufig-nun-eine-raritaet","status":"publish","type":"post","link":"https:\/\/www.lobaumuseum.wien\/cms\/ein-auen-kaefer-frueher-haeufig-nun-eine-raritaet\/","title":{"rendered":"Ein Auen-K\u00e4fer \u2013 fr\u00fcher h\u00e4ufig, nun eine Rarit\u00e4t"},"content":{"rendered":"<p><strong>Am 9. Mai ist unserem aufmerksamen Kollegen Robert Poth am Marchfeld-Schutzdamm knapp innerhalb der Wiener Landesgrenze ein schwarzer K\u00e4fer aufgefallen, der um ein Haar von einem Radfahrer \u00fcberrollt worden w\u00e4re.<\/strong><\/p>\n<p>Ein paar Videoaufnahmen und einige Recherchen sp\u00e4ter stand fest: Der gerade noch davongekommene K\u00e4fer ist ein Weberbock \u2013 typisch f\u00fcr Aulandschaften, einst h\u00e4ufig, mittlerweile eine Rarit\u00e4t. In Deutschland gilt der Weberbock (<em>Lamia textor)<\/em> bundesweit als \u201estark gef\u00e4hrdet\u201c.<br \/>\n<a href=\"https:\/\/www.lobaumuseum.wien\/cms\/wp-content\/uploads\/2021\/05\/vlcsnap-2021-05-19-07h25m53s011-e1621405711997.jpg\"><img loading=\"lazy\" decoding=\"async\" class=\" wp-image-4526 alignleft\" src=\"https:\/\/www.lobaumuseum.wien\/cms\/wp-content\/uploads\/2021\/05\/vlcsnap-2021-05-19-07h25m53s011-e1621405711997-300x170.jpg\" alt=\"\" width=\"275\" height=\"156\" srcset=\"https:\/\/www.lobaumuseum.wien\/cms\/wp-content\/uploads\/2021\/05\/vlcsnap-2021-05-19-07h25m53s011-e1621405711997-300x170.jpg 300w, https:\/\/www.lobaumuseum.wien\/cms\/wp-content\/uploads\/2021\/05\/vlcsnap-2021-05-19-07h25m53s011-e1621405711997-1024x579.jpg 1024w, https:\/\/www.lobaumuseum.wien\/cms\/wp-content\/uploads\/2021\/05\/vlcsnap-2021-05-19-07h25m53s011-e1621405711997-768x434.jpg 768w, https:\/\/www.lobaumuseum.wien\/cms\/wp-content\/uploads\/2021\/05\/vlcsnap-2021-05-19-07h25m53s011-e1621405711997-148x85.jpg 148w, https:\/\/www.lobaumuseum.wien\/cms\/wp-content\/uploads\/2021\/05\/vlcsnap-2021-05-19-07h25m53s011-e1621405711997-71x40.jpg 71w, https:\/\/www.lobaumuseum.wien\/cms\/wp-content\/uploads\/2021\/05\/vlcsnap-2021-05-19-07h25m53s011-e1621405711997.jpg 1392w\" sizes=\"auto, (max-width: 275px) 100vw, 275px\" \/><\/a><\/p>\n<p>In \u00d6sterreich werden jedes Jahr nur einige wenige Exemplare beobachtet und gemeldet. Aus der Gegend der Lobau zuletzt im Juli 2013 auf der Donauinsel.<\/p>\n<p>Die Larven der Weberb\u00f6cke bohren G\u00e4nge ins Holz von alten Weiden und Schwarzpappeln. Die erwachsenen K\u00e4fer schl\u00fcpfen ab Anfang Mai. Sie k\u00f6nnen zwar gut fliegen, bevorzugen es aber, am Boden zu kriechen.<\/p>\n<p>Der auffallende R\u00fcckgang der Weberb\u00f6cke wird auf Flussregulierungen und den Verlust von Ufervegetation zur\u00fcckgef\u00fchrt.<\/p>\n<p>Original-Video Damm H\u00f6he G\u00e4nshaufentraverse, 9. Mai 2021: <a href=\"https:\/\/beasts.at\/weberbock-untere-lobau\/\"><span>https:\/\/beasts.at\/weberbock-untere-lobau\/<\/span><\/a><\/p>\n<p>Quelle:<br \/>\nHovorka, Walter (2014): Liste der in Wien nachgewiesenen Bockk\u00e4ferarten (Coleoptera: Cerambycidae) In: Beitr\u00e4ge zur Entomofaunistik 14: 19\u201360 (Februar 2014)<\/p>\n","protected":false},"excerpt":{"rendered":"<p>Am 9. Mai ist unserem aufmerksamen Kollegen Robert Poth am Marchfeld-Schutzdamm knapp innerhalb der Wiener Landesgrenze ein schwarzer K\u00e4fer aufgefallen, der um ein Haar von einem Radfahrer \u00fcberrollt worden w\u00e4re. Ein paar Videoaufnahmen und einige Recherchen sp\u00e4ter stand fest: Der gerade noch davongekommene K\u00e4fer ist ein Weberbock \u2013 typisch f\u00fcr Aulandschaften, einst h\u00e4ufig, mittlerweile eine Rarit\u00e4t. In Deutschland gilt der Weberbock (Lamia textor) bundesweit als \u201estark gef\u00e4hrdet\u201c. In \u00d6sterreich werden jedes Jahr nur einige wenige&#8230;<\/p>\n","protected":false},"author":7,"featured_media":4525,"comment_status":"open","ping_status":"closed","sticky":false,"template":"","format":"standard","meta":{"ngg_post_thumbnail":0,"footnotes":""},"categories":[1],"tags":[147],"class_list":["post-4523","post","type-post","status-publish","format-standard","has-post-thumbnail","hentry","category-allgemein","tag-robert-poth"],"post_mailing_queue_ids":[],"_links":{"self":[{"href":"https:\/\/www.lobaumuseum.wien\/cms\/wp-json\/wp\/v2\/posts\/4523","targetHints":{"allow":["GET"]}}],"collection":[{"href":"https:\/\/www.lobaumuseum.wien\/cms\/wp-json\/wp\/v2\/posts"}],"about":[{"href":"https:\/\/www.lobaumuseum.wien\/cms\/wp-json\/wp\/v2\/types\/post"}],"author":[{"embeddable":true,"href":"https:\/\/www.lobaumuseum.wien\/cms\/wp-json\/wp\/v2\/users\/7"}],"replies":[{"embeddable":true,"href":"https:\/\/www.lobaumuseum.wien\/cms\/wp-json\/wp\/v2\/comments?post=4523"}],"version-history":[{"count":7,"href":"https:\/\/www.lobaumuseum.wien\/cms\/wp-json\/wp\/v2\/posts\/4523\/revisions"}],"predecessor-version":[{"id":4532,"href":"https:\/\/www.lobaumuseum.wien\/cms\/wp-json\/wp\/v2\/posts\/4523\/revisions\/4532"}],"wp:featuredmedia":[{"embeddable":true,"href":"https:\/\/www.lobaumuseum.wien\/cms\/wp-json\/wp\/v2\/media\/4525"}],"wp:attachment":[{"href":"https:\/\/www.lobaumuseum.wien\/cms\/wp-json\/wp\/v2\/media?parent=4523"}],"wp:term":[{"taxonomy":"category","embeddable":true,"href":"https:\/\/www.lobaumuseum.wien\/cms\/wp-json\/wp\/v2\/categories?post=4523"},{"taxonomy":"post_tag","embeddable":true,"href":"https:\/\/www.lobaumuseum.wien\/cms\/wp-json\/wp\/v2\/tags?post=4523"}],"curies":[{"name":"wp","href":"https:\/\/api.w.org\/{rel}","templated":true}]}}