{"id":4348,"date":"2021-03-05T15:39:41","date_gmt":"2021-03-05T14:39:41","guid":{"rendered":"https:\/\/www.lobaumuseum.wien\/cms\/?p=4348"},"modified":"2021-03-16T12:36:45","modified_gmt":"2021-03-16T11:36:45","slug":"maerz-nebel-an-der-schoenauer-traverse","status":"publish","type":"post","link":"https:\/\/www.lobaumuseum.wien\/cms\/maerz-nebel-an-der-schoenauer-traverse\/","title":{"rendered":"M\u00e4rz-Nebel an der Sch\u00f6nauer Traverse"},"content":{"rendered":"<p><span><a href=\"https:\/\/www.lobaumuseum.wien\/cms\/norbert-sendor-seit-1953-in-der-lobau\/\">Norbert Sendor<\/a><\/span> und Elisabeth Zeman sind am Nachmittag des 3. M\u00e4rz in der Gegend von Sch\u00f6nau in eine Nebelbank geraten. Der Anblick des fischenden Silberreihers hat die gespenstische Stimmung noch verst\u00e4rkt.<\/p>\n<p>Ansonsten keine Spur von Wildtieren, nur ein einsamer <img loading=\"lazy\" decoding=\"async\" class=\" wp-image-4350 alignleft\" src=\"https:\/\/www.lobaumuseum.wien\/cms\/wp-content\/uploads\/2021\/03\/DSCN5662a-300x171.jpg\" alt=\"\" width=\"279\" height=\"159\" srcset=\"https:\/\/www.lobaumuseum.wien\/cms\/wp-content\/uploads\/2021\/03\/DSCN5662a-300x171.jpg 300w, https:\/\/www.lobaumuseum.wien\/cms\/wp-content\/uploads\/2021\/03\/DSCN5662a-148x85.jpg 148w, https:\/\/www.lobaumuseum.wien\/cms\/wp-content\/uploads\/2021\/03\/DSCN5662a-71x40.jpg 71w, https:\/\/www.lobaumuseum.wien\/cms\/wp-content\/uploads\/2021\/03\/DSCN5662a.jpg 497w\" sizes=\"auto, (max-width: 279px) 100vw, 279px\" \/>Turmfalke \u2026 daf\u00fcr etliche Spazierg\u00e4nger, mehr als fr\u00fcher \u00fcblich.<\/p>\n<p>In Corona-Zeiten dr\u00e4ngen die Menschen ins Gr\u00fcne, nicht nur in den Donau-Auen, auch in der March-Auen. Im WWF Reservat in Marchegg werden deutlich mehr Besucher registriert als in fr\u00fcheren Zeiten und am slowakischen Ufer der March setzen sich die Spazierg\u00e4nger schon um acht Uhr fr\u00fch in Bewegung \u2013 w\u00e4hrend die Wildtiere in Deckung gehen.<\/p>\n","protected":false},"excerpt":{"rendered":"<p>Norbert Sendor und Elisabeth Zeman sind am Nachmittag des 3. M\u00e4rz in der Gegend von Sch\u00f6nau in eine Nebelbank geraten. Der Anblick des fischenden Silberreihers hat die gespenstische Stimmung noch verst\u00e4rkt. Ansonsten keine Spur von Wildtieren, nur ein einsamer Turmfalke \u2026 daf\u00fcr etliche Spazierg\u00e4nger, mehr als fr\u00fcher \u00fcblich. In Corona-Zeiten dr\u00e4ngen die Menschen ins Gr\u00fcne, nicht nur in den Donau-Auen, auch in der March-Auen. Im WWF Reservat in Marchegg werden deutlich mehr Besucher registriert als&#8230;<\/p>\n","protected":false},"author":7,"featured_media":4349,"comment_status":"open","ping_status":"closed","sticky":false,"template":"","format":"standard","meta":{"ngg_post_thumbnail":0,"footnotes":""},"categories":[1],"tags":[111,49,69],"class_list":["post-4348","post","type-post","status-publish","format-standard","has-post-thumbnail","hentry","category-allgemein","tag-elisabeth-zeman","tag-sendor","tag-schoenau"],"post_mailing_queue_ids":[],"_links":{"self":[{"href":"https:\/\/www.lobaumuseum.wien\/cms\/wp-json\/wp\/v2\/posts\/4348","targetHints":{"allow":["GET"]}}],"collection":[{"href":"https:\/\/www.lobaumuseum.wien\/cms\/wp-json\/wp\/v2\/posts"}],"about":[{"href":"https:\/\/www.lobaumuseum.wien\/cms\/wp-json\/wp\/v2\/types\/post"}],"author":[{"embeddable":true,"href":"https:\/\/www.lobaumuseum.wien\/cms\/wp-json\/wp\/v2\/users\/7"}],"replies":[{"embeddable":true,"href":"https:\/\/www.lobaumuseum.wien\/cms\/wp-json\/wp\/v2\/comments?post=4348"}],"version-history":[{"count":1,"href":"https:\/\/www.lobaumuseum.wien\/cms\/wp-json\/wp\/v2\/posts\/4348\/revisions"}],"predecessor-version":[{"id":4351,"href":"https:\/\/www.lobaumuseum.wien\/cms\/wp-json\/wp\/v2\/posts\/4348\/revisions\/4351"}],"wp:featuredmedia":[{"embeddable":true,"href":"https:\/\/www.lobaumuseum.wien\/cms\/wp-json\/wp\/v2\/media\/4349"}],"wp:attachment":[{"href":"https:\/\/www.lobaumuseum.wien\/cms\/wp-json\/wp\/v2\/media?parent=4348"}],"wp:term":[{"taxonomy":"category","embeddable":true,"href":"https:\/\/www.lobaumuseum.wien\/cms\/wp-json\/wp\/v2\/categories?post=4348"},{"taxonomy":"post_tag","embeddable":true,"href":"https:\/\/www.lobaumuseum.wien\/cms\/wp-json\/wp\/v2\/tags?post=4348"}],"curies":[{"name":"wp","href":"https:\/\/api.w.org\/{rel}","templated":true}]}}