{"id":4319,"date":"2021-02-26T15:38:20","date_gmt":"2021-02-26T14:38:20","guid":{"rendered":"https:\/\/www.lobaumuseum.wien\/cms\/?p=4319"},"modified":"2021-07-06T06:38:51","modified_gmt":"2021-07-06T04:38:51","slug":"vorankuendigung-das-leid-lied-von-der-lobau","status":"publish","type":"post","link":"https:\/\/www.lobaumuseum.wien\/cms\/vorankuendigung-das-leid-lied-von-der-lobau\/","title":{"rendered":"Vorank\u00fcndigung: \u201cDas Leid (Lied) von der Lobau\u201d"},"content":{"rendered":"<p>Das <a href=\"https:\/\/www.kunst-lokal.at\/\"><span>Kunst.Lokal in Gro\u00df-Enzersdorf<\/span><\/a> versteht sich als Impulsgeber. Die Vernissagen sind ein Treffpunkt f\u00fcr Kunst- und Kulturinteressierte der gesamten Region.<\/p>\n<p>Ab 3. Juli 2021 verwandelt sich das Kunst.Lokal f\u00fcr einen Monat zur Botschaft der Lobau, ihrer Landschaft, ihrer Pflanzen und Tiere, all ihrer Bewohner.<\/p>\n<p>In der Ausstellung \u201eDas Leid (Lied) von der Lobau\u201d geht es um die verheerende Austrocknung. Um darauf aufmerksam zu machen, pr\u00e4sentieren K\u00fcnstler und Naturfotografen zu diesem Thema ihre besten Arbeiten.<\/p>\n<p>Vernissage: 1. Juli 2021, 19:00 Uhr<\/p>\n<p>Ausstellung von 3. Juli bis 4. August.<\/p>\n<p>Naturfotograf <span><a href=\"http:\/\/www.kurt-kracher.at\/\">Kurt Kracher<\/a><\/span> hat seine Betroffenheit bereits sch\u00f6pferisch zusammengefasst &#8211; in einer 2 Minuten-Montage aus ber\u00fchrenden und bedr\u00fcckenden Originalfotos (KLICKEN SIE AUF DAS BILD):<\/p>\n<p><a href=\"https:\/\/www.youtube.com\/watch?v=9KwYSo2NlNs\"><img loading=\"lazy\" decoding=\"async\" class=\" wp-image-4322 aligncenter\" src=\"https:\/\/www.lobaumuseum.wien\/cms\/wp-content\/uploads\/2021\/02\/vlcsnap-2021-02-26-15h00m43s802-2-300x169.png\" alt=\"\" width=\"430\" height=\"242\" srcset=\"https:\/\/www.lobaumuseum.wien\/cms\/wp-content\/uploads\/2021\/02\/vlcsnap-2021-02-26-15h00m43s802-2-300x169.png 300w, https:\/\/www.lobaumuseum.wien\/cms\/wp-content\/uploads\/2021\/02\/vlcsnap-2021-02-26-15h00m43s802-2-1024x576.png 1024w, https:\/\/www.lobaumuseum.wien\/cms\/wp-content\/uploads\/2021\/02\/vlcsnap-2021-02-26-15h00m43s802-2-768x432.png 768w, https:\/\/www.lobaumuseum.wien\/cms\/wp-content\/uploads\/2021\/02\/vlcsnap-2021-02-26-15h00m43s802-2-1536x864.png 1536w, https:\/\/www.lobaumuseum.wien\/cms\/wp-content\/uploads\/2021\/02\/vlcsnap-2021-02-26-15h00m43s802-2-71x40.png 71w, https:\/\/www.lobaumuseum.wien\/cms\/wp-content\/uploads\/2021\/02\/vlcsnap-2021-02-26-15h00m43s802-2.png 1920w\" sizes=\"auto, (max-width: 430px) 100vw, 430px\" \/><\/a><\/p>\n<p><span><a href=\"https:\/\/www.kunst-lokal.at\/\">Kunst.Lokal<\/a><\/span><br \/>\nBischof Berthold Platz 3<br \/>\n2301 Gro\u00df-Enzersdorf<\/p>\n","protected":false},"excerpt":{"rendered":"<p>Das Kunst.Lokal in Gro\u00df-Enzersdorf versteht sich als Impulsgeber. Die Vernissagen sind ein Treffpunkt f\u00fcr Kunst- und Kulturinteressierte der gesamten Region. Ab 3. Juli 2021 verwandelt sich das Kunst.Lokal f\u00fcr einen Monat zur Botschaft der Lobau, ihrer Landschaft, ihrer Pflanzen und Tiere, all ihrer Bewohner. In der Ausstellung \u201eDas Leid (Lied) von der Lobau\u201d geht es um die verheerende Austrocknung. Um darauf aufmerksam zu machen, pr\u00e4sentieren K\u00fcnstler und Naturfotografen zu diesem Thema ihre besten Arbeiten. Vernissage:&#8230;<\/p>\n","protected":false},"author":7,"featured_media":4323,"comment_status":"open","ping_status":"closed","sticky":false,"template":"","format":"standard","meta":{"ngg_post_thumbnail":0,"footnotes":""},"categories":[1],"tags":[108,16,19],"class_list":["post-4319","post","type-post","status-publish","format-standard","has-post-thumbnail","hentry","category-allgemein","tag-gross-enzersdorf","tag-kracher","tag-verlandung"],"post_mailing_queue_ids":[],"_links":{"self":[{"href":"https:\/\/www.lobaumuseum.wien\/cms\/wp-json\/wp\/v2\/posts\/4319","targetHints":{"allow":["GET"]}}],"collection":[{"href":"https:\/\/www.lobaumuseum.wien\/cms\/wp-json\/wp\/v2\/posts"}],"about":[{"href":"https:\/\/www.lobaumuseum.wien\/cms\/wp-json\/wp\/v2\/types\/post"}],"author":[{"embeddable":true,"href":"https:\/\/www.lobaumuseum.wien\/cms\/wp-json\/wp\/v2\/users\/7"}],"replies":[{"embeddable":true,"href":"https:\/\/www.lobaumuseum.wien\/cms\/wp-json\/wp\/v2\/comments?post=4319"}],"version-history":[{"count":6,"href":"https:\/\/www.lobaumuseum.wien\/cms\/wp-json\/wp\/v2\/posts\/4319\/revisions"}],"predecessor-version":[{"id":4328,"href":"https:\/\/www.lobaumuseum.wien\/cms\/wp-json\/wp\/v2\/posts\/4319\/revisions\/4328"}],"wp:featuredmedia":[{"embeddable":true,"href":"https:\/\/www.lobaumuseum.wien\/cms\/wp-json\/wp\/v2\/media\/4323"}],"wp:attachment":[{"href":"https:\/\/www.lobaumuseum.wien\/cms\/wp-json\/wp\/v2\/media?parent=4319"}],"wp:term":[{"taxonomy":"category","embeddable":true,"href":"https:\/\/www.lobaumuseum.wien\/cms\/wp-json\/wp\/v2\/categories?post=4319"},{"taxonomy":"post_tag","embeddable":true,"href":"https:\/\/www.lobaumuseum.wien\/cms\/wp-json\/wp\/v2\/tags?post=4319"}],"curies":[{"name":"wp","href":"https:\/\/api.w.org\/{rel}","templated":true}]}}