{"id":4310,"date":"2021-02-08T09:04:46","date_gmt":"2021-02-08T08:04:46","guid":{"rendered":"https:\/\/www.lobaumuseum.wien\/cms\/?p=4310"},"modified":"2021-04-01T19:48:51","modified_gmt":"2021-04-01T17:48:51","slug":"anton-klein-auf-youtube-wunderlandschaft-fuer-geist-und-seele","status":"publish","type":"post","link":"https:\/\/www.lobaumuseum.wien\/cms\/anton-klein-auf-youtube-wunderlandschaft-fuer-geist-und-seele\/","title":{"rendered":"Anton Klein auf YouTube: \u201eWunderlandschaft f\u00fcr Geist und Seele.&#8221;"},"content":{"rendered":"<p>Anton Klein, verstorben 2013, ab 1970 Naturapostel, K\u00e4mpfer und Mahner, pl\u00e4diert 2009 im Geb\u00e4ude des alten Lobaumuseums daf\u00fcr, die Lobau als Wunderlandschaft f\u00fcr Geist und Seele zu begreifen: <span><a href=\"https:\/\/www.youtube.com\/watch?v=rczZQJamono&amp;feature=youtu.b\">https:\/\/www.youtube.com\/watch?v=rczZQJamono&amp;feature=youtu.b<\/a><\/span>e<\/p>\n<p>Aufgezeichnet von Elisabeth Zeman und <a href=\"https:\/\/www.lobaumuseum.wien\/cms\/norbert-sendor-seit-1953-in-der-lobau\/\"><span>Norbert Sendor<\/span><\/a><span>.<\/span> Interview: <a href=\"https:\/\/www.lobaumuseum.wien\/cms\/robert-eichert-wien-kann-froh-sein-dass-es-die-lobau-gibt\/\"><span>Robert Eichert<\/span><\/a><\/p>\n<p><iframe loading=\"lazy\" hcb-fetch-image-from=\"https:\/\/www.youtube.com\/watch?v=rczZQJamono&amp;feature=youtu.be\" title=\"DIE LOBAU ALS WUNDERLANDSCHAFT\" width=\"640\" height=\"480\" src=\"https:\/\/www.youtube.com\/embed\/rczZQJamono?feature=oembed\" frameborder=\"0\" allow=\"accelerometer; autoplay; clipboard-write; encrypted-media; gyroscope; picture-in-picture; web-share\" referrerpolicy=\"strict-origin-when-cross-origin\" allowfullscreen><\/iframe><\/p>\n","protected":false},"excerpt":{"rendered":"<p>Anton Klein, verstorben 2013, ab 1970 Naturapostel, K\u00e4mpfer und Mahner, pl\u00e4diert 2009 im Geb\u00e4ude des alten Lobaumuseums daf\u00fcr, die Lobau als Wunderlandschaft f\u00fcr Geist und Seele zu begreifen: https:\/\/www.youtube.com\/watch?v=rczZQJamono&amp;feature=youtu.be Aufgezeichnet von Elisabeth Zeman und Norbert Sendor. Interview: Robert Eichert<\/p>\n","protected":false},"author":7,"featured_media":4312,"comment_status":"open","ping_status":"closed","sticky":false,"template":"","format":"standard","meta":{"ngg_post_thumbnail":0,"footnotes":""},"categories":[1,3,12],"tags":[21,111,49,17],"class_list":["post-4310","post","type-post","status-publish","format-standard","has-post-thumbnail","hentry","category-allgemein","category-anton-klein","category-neues-von-gestern","tag-klein","tag-elisabeth-zeman","tag-sendor","tag-eichert"],"post_mailing_queue_ids":[],"_links":{"self":[{"href":"https:\/\/www.lobaumuseum.wien\/cms\/wp-json\/wp\/v2\/posts\/4310","targetHints":{"allow":["GET"]}}],"collection":[{"href":"https:\/\/www.lobaumuseum.wien\/cms\/wp-json\/wp\/v2\/posts"}],"about":[{"href":"https:\/\/www.lobaumuseum.wien\/cms\/wp-json\/wp\/v2\/types\/post"}],"author":[{"embeddable":true,"href":"https:\/\/www.lobaumuseum.wien\/cms\/wp-json\/wp\/v2\/users\/7"}],"replies":[{"embeddable":true,"href":"https:\/\/www.lobaumuseum.wien\/cms\/wp-json\/wp\/v2\/comments?post=4310"}],"version-history":[{"count":3,"href":"https:\/\/www.lobaumuseum.wien\/cms\/wp-json\/wp\/v2\/posts\/4310\/revisions"}],"predecessor-version":[{"id":4314,"href":"https:\/\/www.lobaumuseum.wien\/cms\/wp-json\/wp\/v2\/posts\/4310\/revisions\/4314"}],"wp:featuredmedia":[{"embeddable":true,"href":"https:\/\/www.lobaumuseum.wien\/cms\/wp-json\/wp\/v2\/media\/4312"}],"wp:attachment":[{"href":"https:\/\/www.lobaumuseum.wien\/cms\/wp-json\/wp\/v2\/media?parent=4310"}],"wp:term":[{"taxonomy":"category","embeddable":true,"href":"https:\/\/www.lobaumuseum.wien\/cms\/wp-json\/wp\/v2\/categories?post=4310"},{"taxonomy":"post_tag","embeddable":true,"href":"https:\/\/www.lobaumuseum.wien\/cms\/wp-json\/wp\/v2\/tags?post=4310"}],"curies":[{"name":"wp","href":"https:\/\/api.w.org\/{rel}","templated":true}]}}