{"id":3780,"date":"2020-05-28T14:15:22","date_gmt":"2020-05-28T12:15:22","guid":{"rendered":"https:\/\/www.lobaumuseum.wien\/cms\/?p=3780"},"modified":"2021-02-01T18:38:54","modified_gmt":"2021-02-01T17:38:54","slug":"der-bezirksvorsteher-haelt-sich-raus","status":"publish","type":"post","link":"https:\/\/www.lobaumuseum.wien\/cms\/der-bezirksvorsteher-haelt-sich-raus\/","title":{"rendered":"Der Bezirksvorsteher h\u00e4lt sich raus"},"content":{"rendered":"<p><strong>Der Bezirksvorsteher des 22. Bezirks, <a href=\"https:\/\/de.wikipedia.org\/wiki\/Ernst_Nevrivy\"><span>Ernst Nevrivy<\/span><\/a>, hat am 28. Mai in seinem <a href=\"https:\/\/www.facebook.com\/watch\/live\/?v=1550625441778726&amp;ref=watch_permalink\"><span>Donaustadt-LIVE TALK<\/span><\/a> auf Facebook eine originelle, durch Kenntnisse nur minimal getr\u00fcbte Sicht der Situation in der Lobau dargelegt.<\/strong><\/p>\n<p>Was die Austrocknung und Verlandung des Nationalparks betrifft, schiebt Nevrivy selbstbewusst alles auf die zwei Fachabteilungen MA49 Forst und MA45 Wiener Gew\u00e4sser.<\/p>\n<p>Die w\u00fcrden eine andere Sichtweise haben, weil \u201e<em>dort sei Natur und dort solle es mehr nach Natur gehen<\/em>\u201c und nicht um \u201e<em>ein sch\u00f6nes Wasser zum Bootfahren und Schwimmen<\/em>.\u201c Die w\u00fcrden \u201e<em>ganz genau und gezielt wissen, was sie machen. Das ist bewusst so gesetzt, das passiert nicht, sondern wird so gemacht.<\/em>\u201c<\/p>\n<p><img loading=\"lazy\" decoding=\"async\" class=\" wp-image-3597 alignleft\" src=\"https:\/\/www.lobaumuseum.wien\/cms\/wp-content\/uploads\/2020\/04\/Hausgraben_20200424_125815-300x146.jpg\" alt=\"\" width=\"493\" height=\"240\" srcset=\"https:\/\/www.lobaumuseum.wien\/cms\/wp-content\/uploads\/2020\/04\/Hausgraben_20200424_125815-300x146.jpg 300w, https:\/\/www.lobaumuseum.wien\/cms\/wp-content\/uploads\/2020\/04\/Hausgraben_20200424_125815-1024x498.jpg 1024w, https:\/\/www.lobaumuseum.wien\/cms\/wp-content\/uploads\/2020\/04\/Hausgraben_20200424_125815-768x373.jpg 768w, https:\/\/www.lobaumuseum.wien\/cms\/wp-content\/uploads\/2020\/04\/Hausgraben_20200424_125815-1536x747.jpg 1536w, https:\/\/www.lobaumuseum.wien\/cms\/wp-content\/uploads\/2020\/04\/Hausgraben_20200424_125815-2048x996.jpg 2048w\" sizes=\"auto, (max-width: 493px) 100vw, 493px\" \/>Wie soll man diese Aussage deuten?<\/p>\n<p>Die Abteilungen Forst- und Landwirtschaftsbetrieb und Wiener Gew\u00e4sser lassen die Lobau bewusst vertrocknen und entwerten damit den Nationalpark, weil es dort \u201emehr nach Natur\u201c gehen soll?<\/p>\n<p>Herr Bezirksvorsteher: Das tun diese beiden Abteilungen nicht, denn diese wissen sehr wohl \u00fcber ihre Verantwortung, die Lobau nicht vor die Hunde gehen zu lassen, Bescheid. Sie kennen auch sehr wohl die Vorgaben des Wiener Nationalparkgesetzes.<\/p>\n<p>Wenn Sie so wollen: Den Verantwortlichen beider Abteilungen ist der Fortbestand der Lobau, in einem Zustand, der sie seinerzeit zu einem Teil des Nationalparks gemacht hat, nat\u00fcrlich ein Anliegen.<\/p>\n<p>Um die Lobau nicht zu einem staubigen Stadtpark verkommen zu lassen, k\u00f6nnen die beiden Magistratsabteilungen jedoch \u2013 wie immer und \u00fcblich &#8211; nur das tun, was ihnen politisch und finanziell erm\u00f6glicht wird.<\/p>\n<p>Und das genau w\u00e4re n\u00e4mlich auch Ihre Aufgabe, Herr Bezirksvorsteher, auf politischem Wege den Fachabteilungen die M\u00f6glichkeiten und Mittel zu besorgen, um den Wiener Nationalpark, auf den Sie und Ihre Parteikollegen so stolz zu sein vorgeben, den kommenden Generationen zu erhalten.<\/p>\n<p><strong>Das bemerkenswerte Statement im Originalwortlaut (Das einzige was fehlt, ist der Hinweis aufs 34er-Jahr):<\/strong><\/p>\n<p>Frage an den Bezirksvorsteher: Lobau trocknet immer mehr aus. N\u00d6 baut schon einen Zufluss von der Donau. Wann passiert das auf Wiener Seite?<\/p>\n<p>Nevrivy: &#8220;<em>Diese Frage bekomme ich immer wieder gestellt und da gibt\u2019s halt leider Gottes insofern ein Missverst\u00e4ndnis, dass da von Seitens der MA 49 und 45, Wasser, dass die andere Sichtweisen haben, wie die Lobau ausgestaltet oder gestaltet werden soll. Die sagen, das ist ein Natur, dort soll es mehr nach Natur gehn, also weniger nach \u201eWir ham a sch\u00f6nes Wasser zum Bootfahren und Schwimma\u201c, und deswegen wird es auch anders gestaltet von Seitens der Stadt, dass des den einen oder anderen gef\u00e4llt. Ma hat die Diskussion jedes Moi. Ich versichere Ihnen, die MA49, die MA45, alle Betriebe, die mit dem Naturschutz und mit der Natur in der Donaustadt und in Wien zu tun haben, wissen ganz genau und gezielt, was sie machen. Des ist bewusst so gesetzt, das passiert net, sondern wird so gemacht. Nieder\u00f6sterreich kaun durchaus andere \u00dcberlegungen anstellen. Ich denk da nur Donauinsel, um ein Beispiel zu nennen. Die Stadt wei\u00df sehr genau, wie sie mit ihren Fl\u00e4chen umgeht. Damals haum a olle aundern es bessa gmocht, jo, und ma siecht, wir hams richtig gemacht. Tut mir leid, aber so, wie die Lobau derzeit gestaltet wird, ist das bewusst von Seitens der Fachdienstst\u00f6lln und das ist gut so, bin da zuversichtlich, dass die Experten und Fochleut des wissn. Man mag es gerne lieber anders haben w\u00fcrden, h\u00e4tten, waas i net, jo. Fakt ist: Die mochn des scho guat und da bin ich sehr zuversichtlich&#8221;.<\/em><\/p>\n","protected":false},"excerpt":{"rendered":"<p>Der Bezirksvorsteher des 22. Bezirks, Ernst Nevrivy, hat am 28. Mai in seinem Donaustadt-LIVE TALK auf Facebook eine originelle, durch Kenntnisse nur minimal getr\u00fcbte Sicht der Situation in der Lobau dargelegt. Was die Austrocknung und Verlandung des Nationalparks betrifft, schiebt Nevrivy selbstbewusst alles auf die zwei Fachabteilungen MA49 Forst und MA45 Wiener Gew\u00e4sser. Die w\u00fcrden eine andere Sichtweise haben, weil \u201edort sei Natur und dort solle es mehr nach Natur gehen\u201c und nicht um \u201eein&#8230;<\/p>\n","protected":false},"author":4,"featured_media":3783,"comment_status":"open","ping_status":"open","sticky":false,"template":"","format":"standard","meta":{"ngg_post_thumbnail":0,"footnotes":""},"categories":[1,158],"tags":[77],"class_list":["post-3780","post","type-post","status-publish","format-standard","has-post-thumbnail","hentry","category-allgemein","category-rettet-die-lobau","tag-dotation"],"post_mailing_queue_ids":[],"_links":{"self":[{"href":"https:\/\/www.lobaumuseum.wien\/cms\/wp-json\/wp\/v2\/posts\/3780","targetHints":{"allow":["GET"]}}],"collection":[{"href":"https:\/\/www.lobaumuseum.wien\/cms\/wp-json\/wp\/v2\/posts"}],"about":[{"href":"https:\/\/www.lobaumuseum.wien\/cms\/wp-json\/wp\/v2\/types\/post"}],"author":[{"embeddable":true,"href":"https:\/\/www.lobaumuseum.wien\/cms\/wp-json\/wp\/v2\/users\/4"}],"replies":[{"embeddable":true,"href":"https:\/\/www.lobaumuseum.wien\/cms\/wp-json\/wp\/v2\/comments?post=3780"}],"version-history":[{"count":4,"href":"https:\/\/www.lobaumuseum.wien\/cms\/wp-json\/wp\/v2\/posts\/3780\/revisions"}],"predecessor-version":[{"id":3786,"href":"https:\/\/www.lobaumuseum.wien\/cms\/wp-json\/wp\/v2\/posts\/3780\/revisions\/3786"}],"wp:featuredmedia":[{"embeddable":true,"href":"https:\/\/www.lobaumuseum.wien\/cms\/wp-json\/wp\/v2\/media\/3783"}],"wp:attachment":[{"href":"https:\/\/www.lobaumuseum.wien\/cms\/wp-json\/wp\/v2\/media?parent=3780"}],"wp:term":[{"taxonomy":"category","embeddable":true,"href":"https:\/\/www.lobaumuseum.wien\/cms\/wp-json\/wp\/v2\/categories?post=3780"},{"taxonomy":"post_tag","embeddable":true,"href":"https:\/\/www.lobaumuseum.wien\/cms\/wp-json\/wp\/v2\/tags?post=3780"}],"curies":[{"name":"wp","href":"https:\/\/api.w.org\/{rel}","templated":true}]}}